{"id":2018,"date":"2023-02-20T15:16:31","date_gmt":"2023-02-20T15:16:31","guid":{"rendered":"https:\/\/www.usigliandelvescovo.it\/?p=2018"},"modified":"2023-02-20T15:16:31","modified_gmt":"2023-02-20T15:16:31","slug":"cosa-accade-in-vigna-e-cosa-accade-in-cantina-febbraio","status":"publish","type":"post","link":"https:\/\/www.usigliandelvescovo.it\/en\/cosa-accade-in-vigna-e-cosa-accade-in-cantina-febbraio\/","title":{"rendered":"COSA ACCADE IN VIGNA E COSA ACCADE IN CANTINA: Febbraio"},"content":{"rendered":"<p>Il mese di Febbraio \u00e8 un momento cruciale nella produzione del vino. La potatura delle viti sta giungendo alla fine, con il taglio degli speroni e la rimozione dei tralci vecchi che non servono pi\u00f9. In Gennaio, invece, si \u00e8 gi\u00e0 proceduto con la creazione delle masse dei vini, ovvero l&#8217;assemblaggio dei vari vitigni che compongono il prodotto finale, deciso dall&#8217;enologo.<\/p>\n<p>A Febbraio avviene l&#8217;imbottigliamento del vino rosato e del vino bianco, nonch\u00e9 in parte anche dei rossi. Questa operazione richiede due giorni di lavoro, durante i quali si procede con il riempimento delle bottiglie e la loro successiva sistemazione in cestoni. \u00c8 importante che le bottiglie vengano sistemate in modo orizzontale, in modo che il tappo di sughero naturale possa bagnarsi e aderire perfettamente al collo della bottiglia.<\/p>\n<p>Gestire cos\u00ec tante bottiglie comporta la necessit\u00e0 di riorganizzare gli spazi in cantina, in modo da trovare il posto adatto per farle riposare. I tempi di &#8220;relax&#8221; variano a seconda del tipo di vino: alcuni saranno pronti per la vendita in 20 giorni o un mese, altri invece potrebbero rimanere in cantina per anni. \u00c8 quindi importante che ogni bottiglia venga posizionata nel modo corretto, per garantirne la qualit\u00e0 e la conservazione nel tempo.<\/p>\n","protected":false},"excerpt":{"rendered":"<p>Il mese di Febbraio \u00e8 un momento cruciale nella produzione del vino. La potatura delle viti sta giungendo alla fine, con il taglio degli speroni e la rimozione dei tralci vecchi che non servono pi\u00f9. In Gennaio, invece, si \u00e8 gi\u00e0 proceduto con la creazione delle masse dei vini, ovvero l&#8217;assemblaggio dei vari vitigni che [&hellip;]<\/p>\n","protected":false},"author":3,"featured_media":1625,"comment_status":"open","ping_status":"open","sticky":false,"template":"","format":"standard","meta":{"_monsterinsights_skip_tracking":false,"_monsterinsights_sitenote_active":false,"_monsterinsights_sitenote_note":"","_monsterinsights_sitenote_category":0,"_jetpack_memberships_contains_paid_content":false,"footnotes":""},"categories":[84,72],"tags":[],"class_list":["post-2018","post","type-post","status-publish","format-standard","has-post-thumbnail","hentry","category-cosa-accade-in-vigna-e-cantina-en","category-news-en"],"jetpack_sharing_enabled":true,"jetpack_featured_media_url":"https:\/\/www.usigliandelvescovo.it\/wp-content\/uploads\/2022\/08\/can2.jpg","_links":{"self":[{"href":"https:\/\/www.usigliandelvescovo.it\/en\/wp-json\/wp\/v2\/posts\/2018","targetHints":{"allow":["GET"]}}],"collection":[{"href":"https:\/\/www.usigliandelvescovo.it\/en\/wp-json\/wp\/v2\/posts"}],"about":[{"href":"https:\/\/www.usigliandelvescovo.it\/en\/wp-json\/wp\/v2\/types\/post"}],"author":[{"embeddable":true,"href":"https:\/\/www.usigliandelvescovo.it\/en\/wp-json\/wp\/v2\/users\/3"}],"replies":[{"embeddable":true,"href":"https:\/\/www.usigliandelvescovo.it\/en\/wp-json\/wp\/v2\/comments?post=2018"}],"version-history":[{"count":1,"href":"https:\/\/www.usigliandelvescovo.it\/en\/wp-json\/wp\/v2\/posts\/2018\/revisions"}],"predecessor-version":[{"id":2043,"href":"https:\/\/www.usigliandelvescovo.it\/en\/wp-json\/wp\/v2\/posts\/2018\/revisions\/2043"}],"wp:featuredmedia":[{"embeddable":true,"href":"https:\/\/www.usigliandelvescovo.it\/en\/wp-json\/wp\/v2\/media\/1625"}],"wp:attachment":[{"href":"https:\/\/www.usigliandelvescovo.it\/en\/wp-json\/wp\/v2\/media?parent=2018"}],"wp:term":[{"taxonomy":"category","embeddable":true,"href":"https:\/\/www.usigliandelvescovo.it\/en\/wp-json\/wp\/v2\/categories?post=2018"},{"taxonomy":"post_tag","embeddable":true,"href":"https:\/\/www.usigliandelvescovo.it\/en\/wp-json\/wp\/v2\/tags?post=2018"}],"curies":[{"name":"wp","href":"https:\/\/api.w.org\/{rel}","templated":true}]}}