{"id":1901,"date":"2022-11-14T12:23:19","date_gmt":"2022-11-14T12:23:19","guid":{"rendered":"https:\/\/www.usigliandelvescovo.it\/?p=1901"},"modified":"2022-11-14T12:30:22","modified_gmt":"2022-11-14T12:30:22","slug":"le-pagelle-di-falstaff-2022-3","status":"publish","type":"post","link":"https:\/\/www.usigliandelvescovo.it\/en\/le-pagelle-di-falstaff-2022-3\/","title":{"rendered":"Le pagelle di Falstaff 2022"},"content":{"rendered":"<p>L\u2019AcquaBuona: periodico di cultura enogastronomica\u00a0In rete dal 1999, per amor di terra, ci ha dedicato un articolo in cui si parla di una degustazione di un nostro vino: ecco un piccolo estratto:<\/p>\n<p>&nbsp;<\/p>\n<p><strong><em>Il ros\u00e9 in anfora:<\/em>\u00a0Pink Panther 2021\u00a0\u2013\u00a0Usiglian del Vescovo\u00a0(Palaia)<\/strong><br \/>\nAnche qui l\u2019anfora gioca un ruolo, stavolta da contenitore per affinamento di questo sangiovese in rosa, che lascia filtrare ossigeno senza aggiungere altre componenti dopo che il mosto \u00e8 fermentato in parte in barrique e il vino \u00e8 sostato in acciaio. Il colore \u00e8 aranciato e le note sono di ciliegia lieve e di arancia sanguinella. Palato lieve, di buona scorrevolezza, con una spiccata spina acida che dinamizza la beva.<\/p>\n<p>&nbsp;<\/p>\n<p>Qui trovate l&#8217;articolo completo: <a href=\"https:\/\/www.acquabuona.it\/2022\/11\/territori-da-scoprire-in-toscana-la-valdera-e-il-valdarno-inferiore\/\">LEGGI TUTTO<\/a><\/p>\n","protected":false},"excerpt":{"rendered":"<p>L\u2019AcquaBuona: periodico di cultura enogastronomica\u00a0In rete dal 1999, per amor di terra, ci ha dedicato un articolo in cui si parla di una degustazione di un nostro vino: ecco un piccolo estratto: &nbsp; Il ros\u00e9 in anfora:\u00a0Pink Panther 2021\u00a0\u2013\u00a0Usiglian del Vescovo\u00a0(Palaia) Anche qui l\u2019anfora gioca un ruolo, stavolta da contenitore per affinamento di questo sangiovese [&hellip;]<\/p>\n","protected":false},"author":3,"featured_media":1903,"comment_status":"open","ping_status":"open","sticky":false,"template":"","format":"standard","meta":{"_monsterinsights_skip_tracking":false,"_monsterinsights_sitenote_active":false,"_monsterinsights_sitenote_note":"","_monsterinsights_sitenote_category":0,"_jetpack_memberships_contains_paid_content":false,"footnotes":""},"categories":[72,73],"tags":[],"class_list":["post-1901","post","type-post","status-publish","format-standard","has-post-thumbnail","hentry","category-news-en","category-rassegna-stampa-en"],"jetpack_sharing_enabled":true,"jetpack_featured_media_url":"https:\/\/www.usigliandelvescovo.it\/wp-content\/uploads\/2022\/11\/featured.jpg","_links":{"self":[{"href":"https:\/\/www.usigliandelvescovo.it\/en\/wp-json\/wp\/v2\/posts\/1901","targetHints":{"allow":["GET"]}}],"collection":[{"href":"https:\/\/www.usigliandelvescovo.it\/en\/wp-json\/wp\/v2\/posts"}],"about":[{"href":"https:\/\/www.usigliandelvescovo.it\/en\/wp-json\/wp\/v2\/types\/post"}],"author":[{"embeddable":true,"href":"https:\/\/www.usigliandelvescovo.it\/en\/wp-json\/wp\/v2\/users\/3"}],"replies":[{"embeddable":true,"href":"https:\/\/www.usigliandelvescovo.it\/en\/wp-json\/wp\/v2\/comments?post=1901"}],"version-history":[{"count":2,"href":"https:\/\/www.usigliandelvescovo.it\/en\/wp-json\/wp\/v2\/posts\/1901\/revisions"}],"predecessor-version":[{"id":1921,"href":"https:\/\/www.usigliandelvescovo.it\/en\/wp-json\/wp\/v2\/posts\/1901\/revisions\/1921"}],"wp:featuredmedia":[{"embeddable":true,"href":"https:\/\/www.usigliandelvescovo.it\/en\/wp-json\/wp\/v2\/media\/1903"}],"wp:attachment":[{"href":"https:\/\/www.usigliandelvescovo.it\/en\/wp-json\/wp\/v2\/media?parent=1901"}],"wp:term":[{"taxonomy":"category","embeddable":true,"href":"https:\/\/www.usigliandelvescovo.it\/en\/wp-json\/wp\/v2\/categories?post=1901"},{"taxonomy":"post_tag","embeddable":true,"href":"https:\/\/www.usigliandelvescovo.it\/en\/wp-json\/wp\/v2\/tags?post=1901"}],"curies":[{"name":"wp","href":"https:\/\/api.w.org\/{rel}","templated":true}]}}